{"id":10460,"date":"2023-07-05T17:06:18","date_gmt":"2023-07-05T15:06:18","guid":{"rendered":"https:\/\/www.hapi-live.com\/mitologia\/?p=10460"},"modified":"2023-07-05T17:06:18","modified_gmt":"2023-07-05T15:06:18","slug":"curete","status":"publish","type":"post","link":"https:\/\/www.hapi-live.com\/mitologia\/curete\/","title":{"rendered":"Curete"},"content":{"rendered":"\n<p>Genios que tuvo Zeus en su infancia en Creta. La leyenda m\u00e1s celebres es la siguiente: Rea hab\u00eda dado a luz a su \u00faltimo hijo, Zeus, en una caverna en la isla de Creta. Lo confi\u00f3 a la ninfa Amaltea. Para que los lloros y gritos del ni\u00f1o no delataran su presencia y&nbsp; llegaran a o\u00eddos de Cronos, y se descubriera el enga\u00f1o al que hab\u00eda sido sometido Cronos, porque Rea no estaba dispuesta a que lo&nbsp; devorase como a todos sus hermanos, la ninfa les pidi\u00f3 a los Curetes, que bailaran y danzaran sus ruidosas danzas guerreras alrededor del ni\u00f1o, y ellos as\u00ed lo hicieron, Tambi\u00e9n permitieron que Zeus llegara a la edad viril.<\/p>\n\n\n\n<p>Otras leyendas cuentan que los Curetes, pose\u00edan el don prof\u00e9tico y que revelaron a Minos como pod\u00eda devolverle la vida a su hijo Glauco,: o que a petici\u00f3n de Hera hicieran desaparecer a Epafo, (hijo de Zeus e Io). Zeus, irritado, lanz\u00f3 un rayo que mat\u00f3 a los Curetes.<\/p>\n\n\n\n<p>Hay varias versiones sobre su origen: se les identifica con los Curetes de Etolia y con frecuencia son considerados hijos de Combe y Soco, se cuentan siete: Primneo, Mimante, Acmon, Damneo, Ocitoo, Ideo&nbsp; y Meliseo. Fueron expulsados , junto con su madre, por su padre de Etolia.<\/p>\n\n\n\n<p>En su andadura por el mundo, pasan por Creta y Cnosos y en Frigia cuidan a Dioniso. Despu\u00e9s se dirigen a Artica, donde el rey Cecrope, les ayuda a vengarse de Soco y poder regresa a su patria.<\/p>\n\n\n\n<p>Su madre pasaba por ser la inventora de las armas de bronce, que sus hujos balaban&nbsp; haci\u00e9ndolas entrechocar entre si , lanzas contra escudos.<\/p>\n\n\n\n<p>Tambi\u00e9n se cre\u00eda que era hijo de lTierra, o Zeus y Hera o de Apolo y Danae. Seg\u00fan los autores varia su numero de 2 -l 8 o un numero indeterminado<\/p>\n","protected":false},"excerpt":{"rendered":"<p>Genios que tuvo Zeus en su infancia en Creta. La leyenda m\u00e1s celebres es la siguiente: Rea hab\u00eda dado a luz a su \u00faltimo hijo, Zeus, en una caverna en la isla de Creta. Lo confi\u00f3 a la ninfa Amaltea. Para que los lloros y gritos del ni\u00f1o no delataran su presencia y&nbsp; llegaran a\u2026 <span class=\"read-more\"><a href=\"https:\/\/www.hapi-live.com\/mitologia\/curete\/\">Leer m\u00e1s &raquo;<\/a><\/span><\/p>\n","protected":false},"author":1,"featured_media":0,"comment_status":"closed","ping_status":"closed","sticky":false,"template":"","format":"standard","meta":[],"categories":[37],"tags":[],"_links":{"self":[{"href":"https:\/\/www.hapi-live.com\/mitologia\/wp-json\/wp\/v2\/posts\/10460"}],"collection":[{"href":"https:\/\/www.hapi-live.com\/mitologia\/wp-json\/wp\/v2\/posts"}],"about":[{"href":"https:\/\/www.hapi-live.com\/mitologia\/wp-json\/wp\/v2\/types\/post"}],"author":[{"embeddable":true,"href":"https:\/\/www.hapi-live.com\/mitologia\/wp-json\/wp\/v2\/users\/1"}],"replies":[{"embeddable":true,"href":"https:\/\/www.hapi-live.com\/mitologia\/wp-json\/wp\/v2\/comments?post=10460"}],"version-history":[{"count":1,"href":"https:\/\/www.hapi-live.com\/mitologia\/wp-json\/wp\/v2\/posts\/10460\/revisions"}],"predecessor-version":[{"id":10461,"href":"https:\/\/www.hapi-live.com\/mitologia\/wp-json\/wp\/v2\/posts\/10460\/revisions\/10461"}],"wp:attachment":[{"href":"https:\/\/www.hapi-live.com\/mitologia\/wp-json\/wp\/v2\/media?parent=10460"}],"wp:term":[{"taxonomy":"category","embeddable":true,"href":"https:\/\/www.hapi-live.com\/mitologia\/wp-json\/wp\/v2\/categories?post=10460"},{"taxonomy":"post_tag","embeddable":true,"href":"https:\/\/www.hapi-live.com\/mitologia\/wp-json\/wp\/v2\/tags?post=10460"}],"curies":[{"name":"wp","href":"https:\/\/api.w.org\/{rel}","templated":true}]}}